{"id":45,"date":"2016-08-24T21:30:09","date_gmt":"2016-08-24T19:30:09","guid":{"rendered":"http:\/\/yummi.blog.pl\/?p=45"},"modified":"2016-08-24T21:30:09","modified_gmt":"2016-08-24T19:30:09","slug":"leczo-na-zime-do-sloikow","status":"publish","type":"post","link":"https:\/\/yummytummy.pl\/index.php\/2016\/08\/24\/leczo-na-zime-do-sloikow\/","title":{"rendered":"Leczo na zim\u0119 do s\u0142oik\u00f3w"},"content":{"rendered":"<p>Sk\u0142adniki:<\/p>\n<p>3,5 kg czerwonej papryki<\/p>\n<p>1,5 kg \u015bwie\u017cych pomidor\u00f3w (z czego lima co najwy\u017cej po\u0142ow\u0119)<\/p>\n<p>0,5 kg cebuli<\/p>\n<p>max.0,5 szklanki oleju<\/p>\n<p>20g \u00a0papryki s\u0142odkiej w proszku<\/p>\n<p>50g soli<\/p>\n<p>Wykonanie:<\/p>\n<p>Papryk\u0119 umy\u0107 i oczy\u015bci\u0107 z nasion, op\u0142uka\u0107, pokroi\u0107 na drobne cz\u0119\u015bci. Cebul\u0119 obra\u0107, pokroi\u0107 w pi\u00f3rka lub dowolnie. Pomidory sparzy\u0107, obra\u0107 ze sk\u00f3rki i pokroi\u0107 w \u00f3semki. Rozgrza\u0107 patelni\u0119, wla\u0107 olej i wrzuci\u0107 cebul\u0119, podsma\u017cy\u0107, \u017ceby si\u0119 zeszkli\u0142a.<\/p>\n<p>Nast\u0119pnie wrzuci\u0107 papryk\u0119 i sma\u017cy\u0107 dosy\u0107 cz\u0119sto mieszaj\u0105c. Gdy papryka zmi\u0119knie &#8211; doda\u0107 pomidory, s\u00f3l i papryk\u0119 w proszku. Dusi\u0107 jeszcze jaki\u015b czas (10 minut). Nast\u0119pnie gor\u0105cym leczem nape\u0142ni\u0107 s\u0142oiki i dobrze zakr\u0119ci\u0107. Po up\u0142ywie 24 godzin pasteryzowa\u0107 przez 20-30 minut w temperaturze 90 st. C. Z tej ilo\u015bci wysz\u0142y mi 4 s\u0142oiki 0,9 i 2 s\u0142oiki 0,550 ml.<\/p>\n","protected":false},"excerpt":{"rendered":"<p>Sk\u0142adniki: 3,5 kg czerwonej papryki 1,5 kg \u015bwie\u017cych pomidor\u00f3w (z czego lima co najwy\u017cej po\u0142ow\u0119) 0,5 kg cebuli max.0,5 szklanki oleju 20g \u00a0papryki s\u0142odkiej w proszku 50g soli Wykonanie: Papryk\u0119 umy\u0107 i oczy\u015bci\u0107 z nasion, op\u0142uka\u0107, pokroi\u0107 na drobne cz\u0119\u015bci. Cebul\u0119 obra\u0107, pokroi\u0107 w pi\u00f3rka lub dowolnie. Pomidory sparzy\u0107, obra\u0107 ze sk\u00f3rki i pokroi\u0107 w &hellip; <a href=\"https:\/\/yummytummy.pl\/index.php\/2016\/08\/24\/leczo-na-zime-do-sloikow\/\" class=\"more-link\">Czytaj dalej <span class=\"screen-reader-text\">Leczo na zim\u0119 do s\u0142oik\u00f3w<\/span><\/a><\/p>\n","protected":false},"author":1,"featured_media":50,"comment_status":"open","ping_status":"open","sticky":false,"template":"","format":"standard","meta":{"footnotes":""},"categories":[7,9],"tags":[56,59,65,81],"class_list":["post-45","post","type-post","status-publish","format-standard","has-post-thumbnail","hentry","category-warzywne-yummie","category-yummie-na-zime","tag-papryka","tag-po-pierwsze-smacznie","tag-przetwory","tag-warzywne"],"_links":{"self":[{"href":"https:\/\/yummytummy.pl\/index.php\/wp-json\/wp\/v2\/posts\/45","targetHints":{"allow":["GET"]}}],"collection":[{"href":"https:\/\/yummytummy.pl\/index.php\/wp-json\/wp\/v2\/posts"}],"about":[{"href":"https:\/\/yummytummy.pl\/index.php\/wp-json\/wp\/v2\/types\/post"}],"author":[{"embeddable":true,"href":"https:\/\/yummytummy.pl\/index.php\/wp-json\/wp\/v2\/users\/1"}],"replies":[{"embeddable":true,"href":"https:\/\/yummytummy.pl\/index.php\/wp-json\/wp\/v2\/comments?post=45"}],"version-history":[{"count":0,"href":"https:\/\/yummytummy.pl\/index.php\/wp-json\/wp\/v2\/posts\/45\/revisions"}],"wp:featuredmedia":[{"embeddable":true,"href":"https:\/\/yummytummy.pl\/index.php\/wp-json\/wp\/v2\/media\/50"}],"wp:attachment":[{"href":"https:\/\/yummytummy.pl\/index.php\/wp-json\/wp\/v2\/media?parent=45"}],"wp:term":[{"taxonomy":"category","embeddable":true,"href":"https:\/\/yummytummy.pl\/index.php\/wp-json\/wp\/v2\/categories?post=45"},{"taxonomy":"post_tag","embeddable":true,"href":"https:\/\/yummytummy.pl\/index.php\/wp-json\/wp\/v2\/tags?post=45"}],"curies":[{"name":"wp","href":"https:\/\/api.w.org\/{rel}","templated":true}]}}