{"id":316,"date":"2017-07-31T22:49:40","date_gmt":"2017-07-31T20:49:40","guid":{"rendered":"http:\/\/yummi.blog.pl\/?p=316"},"modified":"2017-07-31T22:49:40","modified_gmt":"2017-07-31T20:49:40","slug":"ciasto-ucierane-z-beza-i-porzeczkami","status":"publish","type":"post","link":"https:\/\/yummytummy.pl\/index.php\/2017\/07\/31\/ciasto-ucierane-z-beza-i-porzeczkami\/","title":{"rendered":"Ciasto ucierane z bez\u0105 i porzeczkami"},"content":{"rendered":"<p>Idealne na lato i porzeczki&#8230;.<\/p>\n<p>SK\u0141ADNIKI:<\/p>\n<p><em>na ciasto:<\/em><\/p>\n<p>250g mas\u0142a mi\u0119kkiego<\/p>\n<p>175g cukru<\/p>\n<p>1 \u0142y\u017cka cukru waniliowego<\/p>\n<p>4 \u017c\u00f3\u0142tka<\/p>\n<p>2 jajka<\/p>\n<p>200g m\u0105ki tortowa<\/p>\n<p>100g m\u0105ki ziemniaczanej<\/p>\n<p>1 \u0142y\u017ceczka proszku do pieczenia<\/p>\n<p>0,5 kg porzeczek czarnych i czerwonych<\/p>\n<p><em>na bez\u0119:<\/em><\/p>\n<p>4 bia\u0142ka<\/p>\n<p>200g cukru<\/p>\n<p>szczypta soli<\/p>\n<p>WYKONANIE:<\/p>\n<p>M\u0105k\u0119 tortow\u0105 i ziemniaczan\u0105 wymiesza\u0107, razem z proszkiem do pieczenia.<\/p>\n<p>Mas\u0142o utrze\u0107 z cukrem na g\u0142adk\u0105 mas\u0119. Doda\u0107 \u017c\u00f3\u0142tka i jajka. Wymiesza\u0107. Doda\u0107 m\u0105ki, delikatnie wymiesza\u0107. Ciasto wyla\u0107 na blach\u0119 i piec 25 minut w temp. 180 st.<\/p>\n<p>Po upieczeniu &#8211; wystudzi\u0107. Zrobi\u0107 bez\u0119:ubi\u0107 bia\u0142ka na sztywno i dodawa\u0107 cukier \u0142y\u017cka po \u0142y\u017cce. Na ciasto wy\u0142o\u017cy\u0107 owoce (doda\u0142am do nich troch\u0119 bu\u0142ki tartej, \u017ceby wch\u0142on\u0119\u0142a sok) i wy\u0142o\u017cy\u0107 bez\u0119. Piec ok. 30 minut w 180 st.<\/p>\n<p>Naprawd\u0119 yummie na letnie, niedzielne popo\u0142udnie!<\/p>\n","protected":false},"excerpt":{"rendered":"<p>Idealne na lato i porzeczki&#8230;. SK\u0141ADNIKI: na ciasto: 250g mas\u0142a mi\u0119kkiego 175g cukru 1 \u0142y\u017cka cukru waniliowego 4 \u017c\u00f3\u0142tka 2 jajka 200g m\u0105ki tortowa 100g m\u0105ki ziemniaczanej 1 \u0142y\u017ceczka proszku do pieczenia 0,5 kg porzeczek czarnych i czerwonych na bez\u0119: 4 bia\u0142ka 200g cukru szczypta soli WYKONANIE: M\u0105k\u0119 tortow\u0105 i ziemniaczan\u0105 wymiesza\u0107, razem z proszkiem &hellip; <a href=\"https:\/\/yummytummy.pl\/index.php\/2017\/07\/31\/ciasto-ucierane-z-beza-i-porzeczkami\/\" class=\"more-link\">Czytaj dalej <span class=\"screen-reader-text\">Ciasto ucierane z bez\u0105 i porzeczkami<\/span><\/a><\/p>\n","protected":false},"author":1,"featured_media":334,"comment_status":"closed","ping_status":"closed","sticky":false,"template":"","format":"standard","meta":{"footnotes":""},"categories":[10,3],"tags":[16,18,59,62],"class_list":["post-316","post","type-post","status-publish","format-standard","has-post-thumbnail","hentry","category-ciasta-z-owocami","category-male-co-nieco-do-kawusi","tag-ciasta","tag-ciasta-ucierane","tag-po-pierwsze-smacznie","tag-porzeczki"],"_links":{"self":[{"href":"https:\/\/yummytummy.pl\/index.php\/wp-json\/wp\/v2\/posts\/316","targetHints":{"allow":["GET"]}}],"collection":[{"href":"https:\/\/yummytummy.pl\/index.php\/wp-json\/wp\/v2\/posts"}],"about":[{"href":"https:\/\/yummytummy.pl\/index.php\/wp-json\/wp\/v2\/types\/post"}],"author":[{"embeddable":true,"href":"https:\/\/yummytummy.pl\/index.php\/wp-json\/wp\/v2\/users\/1"}],"replies":[{"embeddable":true,"href":"https:\/\/yummytummy.pl\/index.php\/wp-json\/wp\/v2\/comments?post=316"}],"version-history":[{"count":0,"href":"https:\/\/yummytummy.pl\/index.php\/wp-json\/wp\/v2\/posts\/316\/revisions"}],"wp:featuredmedia":[{"embeddable":true,"href":"https:\/\/yummytummy.pl\/index.php\/wp-json\/wp\/v2\/media\/334"}],"wp:attachment":[{"href":"https:\/\/yummytummy.pl\/index.php\/wp-json\/wp\/v2\/media?parent=316"}],"wp:term":[{"taxonomy":"category","embeddable":true,"href":"https:\/\/yummytummy.pl\/index.php\/wp-json\/wp\/v2\/categories?post=316"},{"taxonomy":"post_tag","embeddable":true,"href":"https:\/\/yummytummy.pl\/index.php\/wp-json\/wp\/v2\/tags?post=316"}],"curies":[{"name":"wp","href":"https:\/\/api.w.org\/{rel}","templated":true}]}}